{"id":2127,"date":"2025-10-19T12:03:04","date_gmt":"2025-10-19T12:03:04","guid":{"rendered":"https:\/\/www.karamantoki.com\/index.php\/2025\/10\/19\/imei-kayit-ucreti-2026da-artacak-yeni-ucret-ne-kadar-olacak-imei-numarasi-nedir-nerede-yazar-ve-ne-ise-yarar\/"},"modified":"2025-10-19T12:03:04","modified_gmt":"2025-10-19T12:03:04","slug":"imei-kayit-ucreti-2026da-artacak-yeni-ucret-ne-kadar-olacak-imei-numarasi-nedir-nerede-yazar-ve-ne-ise-yarar","status":"publish","type":"post","link":"https:\/\/www.karamantoki.com\/index.php\/2025\/10\/19\/imei-kayit-ucreti-2026da-artacak-yeni-ucret-ne-kadar-olacak-imei-numarasi-nedir-nerede-yazar-ve-ne-ise-yarar\/","title":{"rendered":"IMEI Kay\u0131t \u00dccreti 2026\u2019da artacak: Yeni \u00fccret ne kadar olacak? IMEI numaras\u0131 nedir, nerede yazar ve ne i\u015fe yarar?"},"content":{"rendered":"<p><img decoding=\"async\" src=\"https:\/\/iaahbr.tmgrup.com.tr\/a44da1\/1200\/675\/0\/0\/864\/486?u=https:\/\/iahbr.tmgrup.com.tr\/2025\/10\/19\/imei-kayit-ucreti-2026da-artacak-yeni-ucret-ne-kadar-olacak-imei-numarasi-nedir-nerede-yazar-ve-ne-ise-yarar-1760872279814.jpg\" alt=\"IMEI Kay\u0131t \u00dccreti 2026\u2019da artacak: Yeni \u00fccret ne kadar olacak? IMEI numaras\u0131 nedir, nerede yazar ve ne i\u015fe yarar?\"><br \/>Yurt d\u0131\u015f\u0131ndan al\u0131nan cep telefonlar\u0131n\u0131n T\u00fcrkiye\u2019de kullan\u0131labilmesi i\u00e7in \u00f6denmesi gereken IMEI kay\u0131t \u00fccreti, her y\u0131l yeniden de\u011ferleme oran\u0131na g\u00f6re art\u0131yor. Bu \u00fccret, T\u00fcrkiye\u2019ye getirilen ve farkl\u0131 marka&#8230;<a href=\"https:\/\/www.ahaber.com.tr\/viral\/liste\/imei-kayit-ucreti-2026da-artacak-yeni-ucret-ne-kadar-olacak-imei-numarasi-nedir-nerede-yazar-ve-ne-ise-yarar-6269861\">Devam\u0131 i\u00e7in t\u0131klay\u0131n\u0131z<\/a><\/p>\n","protected":false},"excerpt":{"rendered":"<p>Yurt d\u0131\u015f\u0131ndan al\u0131nan cep telefonlar\u0131n\u0131n T\u00fcrkiye\u2019de kullan\u0131labilmesi i\u00e7in \u00f6denmesi gereken IMEI kay\u0131t \u00fccreti, her y\u0131l yeniden de\u011ferleme oran\u0131na g\u00f6re art\u0131yor. Bu \u00fccret, T\u00fcrkiye\u2019ye getirilen ve farkl\u0131 marka&#8230;Devam\u0131 i\u00e7in t\u0131klay\u0131n\u0131z<\/p>\n","protected":false},"author":1,"featured_media":0,"comment_status":"open","ping_status":"open","sticky":false,"template":"","format":"standard","meta":{"_joinchat":[],"footnotes":""},"categories":[32],"tags":[],"class_list":{"0":"post-2127","1":"post","2":"type-post","3":"status-publish","4":"format-standard","6":"category-ekonomi"},"_links":{"self":[{"href":"https:\/\/www.karamantoki.com\/index.php\/wp-json\/wp\/v2\/posts\/2127","targetHints":{"allow":["GET"]}}],"collection":[{"href":"https:\/\/www.karamantoki.com\/index.php\/wp-json\/wp\/v2\/posts"}],"about":[{"href":"https:\/\/www.karamantoki.com\/index.php\/wp-json\/wp\/v2\/types\/post"}],"author":[{"embeddable":true,"href":"https:\/\/www.karamantoki.com\/index.php\/wp-json\/wp\/v2\/users\/1"}],"replies":[{"embeddable":true,"href":"https:\/\/www.karamantoki.com\/index.php\/wp-json\/wp\/v2\/comments?post=2127"}],"version-history":[{"count":0,"href":"https:\/\/www.karamantoki.com\/index.php\/wp-json\/wp\/v2\/posts\/2127\/revisions"}],"wp:attachment":[{"href":"https:\/\/www.karamantoki.com\/index.php\/wp-json\/wp\/v2\/media?parent=2127"}],"wp:term":[{"taxonomy":"category","embeddable":true,"href":"https:\/\/www.karamantoki.com\/index.php\/wp-json\/wp\/v2\/categories?post=2127"},{"taxonomy":"post_tag","embeddable":true,"href":"https:\/\/www.karamantoki.com\/index.php\/wp-json\/wp\/v2\/tags?post=2127"}],"curies":[{"name":"wp","href":"https:\/\/api.w.org\/{rel}","templated":true}]}}