{"id":2126,"date":"2025-10-19T11:02:42","date_gmt":"2025-10-19T11:02:42","guid":{"rendered":"https:\/\/www.karamantoki.com\/index.php\/2025\/10\/19\/asgari-ucrete-enflasyonek-ilave-puan-artisi-2026da-isci-ne-kadar-alacak-iste-zam-tablosu\/"},"modified":"2025-10-19T11:02:42","modified_gmt":"2025-10-19T11:02:42","slug":"asgari-ucrete-enflasyonek-ilave-puan-artisi-2026da-isci-ne-kadar-alacak-iste-zam-tablosu","status":"publish","type":"post","link":"https:\/\/www.karamantoki.com\/index.php\/2025\/10\/19\/asgari-ucrete-enflasyonek-ilave-puan-artisi-2026da-isci-ne-kadar-alacak-iste-zam-tablosu\/","title":{"rendered":"Asgari \u00fccrete enflasyon+ek ilave puan art\u0131\u015f\u0131 | 2026&#8217;da i\u015f\u00e7i ne kadar alacak? \u0130\u015fte zam tablosu"},"content":{"rendered":"<p><img decoding=\"async\" src=\"https:\/\/iaahbr.tmgrup.com.tr\/5a9a99\/1200\/675\/0\/0\/724\/407?u=https:\/\/iahbr.tmgrup.com.tr\/2025\/10\/19\/asgari-ucrete-enflasyonek-ilave-puan-artisi-2026da-isci-ne-kadar-alacak-iste-zam-tablosu-1760869807806.jpg\" alt=\"Asgari \u00fccrete enflasyon+ek ilave puan art\u0131\u015f\u0131 | 2026'da i\u015f\u00e7i ne kadar alacak? \u0130\u015fte zam tablosu\"><br \/>\u0130\u015f\u00e7i, i\u015fveren ve h\u00fck\u00fcmet temsilcilerinden olu\u015fan \u00dc\u00e7l\u00fc Dan\u0131\u015fma Kurulu, 21 Ekim&#8217;de yeniden bir araya geliyor. \u00c7al\u0131\u015fma ve Sosyal G\u00fcvenlik Bakanl\u0131\u011f\u0131&#8217;n\u0131n ev sahipli\u011finde yap\u0131lacak toplant\u0131n\u0131n g\u00fcndeminde, aral\u0131k&#8230;<a href=\"https:\/\/www.ahaber.com.tr\/viral\/galeri\/liste\/asgari-ucrete-enflasyonek-ilave-puan-artisi-2026da-isci-ne-kadar-alacak-iste-zam-tablosu\">Devam\u0131 i\u00e7in t\u0131klay\u0131n\u0131z<\/a><\/p>\n","protected":false},"excerpt":{"rendered":"<p>\u0130\u015f\u00e7i, i\u015fveren ve h\u00fck\u00fcmet temsilcilerinden olu\u015fan \u00dc\u00e7l\u00fc Dan\u0131\u015fma Kurulu, 21 Ekim&#8217;de yeniden bir araya geliyor. \u00c7al\u0131\u015fma ve Sosyal G\u00fcvenlik Bakanl\u0131\u011f\u0131&#8217;n\u0131n ev sahipli\u011finde yap\u0131lacak toplant\u0131n\u0131n g\u00fcndeminde, aral\u0131k&#8230;Devam\u0131 i\u00e7in t\u0131klay\u0131n\u0131z<\/p>\n","protected":false},"author":1,"featured_media":0,"comment_status":"open","ping_status":"open","sticky":false,"template":"","format":"standard","meta":{"_joinchat":[],"footnotes":""},"categories":[32],"tags":[],"class_list":{"0":"post-2126","1":"post","2":"type-post","3":"status-publish","4":"format-standard","6":"category-ekonomi"},"_links":{"self":[{"href":"https:\/\/www.karamantoki.com\/index.php\/wp-json\/wp\/v2\/posts\/2126","targetHints":{"allow":["GET"]}}],"collection":[{"href":"https:\/\/www.karamantoki.com\/index.php\/wp-json\/wp\/v2\/posts"}],"about":[{"href":"https:\/\/www.karamantoki.com\/index.php\/wp-json\/wp\/v2\/types\/post"}],"author":[{"embeddable":true,"href":"https:\/\/www.karamantoki.com\/index.php\/wp-json\/wp\/v2\/users\/1"}],"replies":[{"embeddable":true,"href":"https:\/\/www.karamantoki.com\/index.php\/wp-json\/wp\/v2\/comments?post=2126"}],"version-history":[{"count":0,"href":"https:\/\/www.karamantoki.com\/index.php\/wp-json\/wp\/v2\/posts\/2126\/revisions"}],"wp:attachment":[{"href":"https:\/\/www.karamantoki.com\/index.php\/wp-json\/wp\/v2\/media?parent=2126"}],"wp:term":[{"taxonomy":"category","embeddable":true,"href":"https:\/\/www.karamantoki.com\/index.php\/wp-json\/wp\/v2\/categories?post=2126"},{"taxonomy":"post_tag","embeddable":true,"href":"https:\/\/www.karamantoki.com\/index.php\/wp-json\/wp\/v2\/tags?post=2126"}],"curies":[{"name":"wp","href":"https:\/\/api.w.org\/{rel}","templated":true}]}}