{"id":2110,"date":"2025-10-17T10:04:25","date_gmt":"2025-10-17T10:04:25","guid":{"rendered":"https:\/\/www.karamantoki.com\/index.php\/2025\/10\/17\/ak-partiden-yeni-ekonomi-paketi-aciklamasi-emekli-ayliklarini-artiracak-formul-masada-emlak-vergisine-duzenleme-gelecek-mi\/"},"modified":"2025-10-17T10:04:25","modified_gmt":"2025-10-17T10:04:25","slug":"ak-partiden-yeni-ekonomi-paketi-aciklamasi-emekli-ayliklarini-artiracak-formul-masada-emlak-vergisine-duzenleme-gelecek-mi","status":"publish","type":"post","link":"https:\/\/www.karamantoki.com\/index.php\/2025\/10\/17\/ak-partiden-yeni-ekonomi-paketi-aciklamasi-emekli-ayliklarini-artiracak-formul-masada-emlak-vergisine-duzenleme-gelecek-mi\/","title":{"rendered":"AK Parti&#8217;den yeni ekonomi paketi a\u00e7\u0131klamas\u0131! Emekli ayl\u0131klar\u0131n\u0131 art\u0131racak form\u00fcl masada! Emlak vergisine d\u00fczenleme gelecek mi?"},"content":{"rendered":"<p><img decoding=\"async\" src=\"https:\/\/iaahbr.tmgrup.com.tr\/a68940\/1200\/675\/0\/0\/613\/345?u=https:\/\/iahbr.tmgrup.com.tr\/2025\/10\/17\/ak-partiden-yeni-ekonomi-paketi-aciklamasi-emekli-ayliklarini-artiracak-formul-masada-emlak-vergisine-duzenlem-1760692758139.jpg\" alt=\"AK Parti'den yeni ekonomi paketi a\u00e7\u0131klamas\u0131! Emekli ayl\u0131klar\u0131n\u0131 art\u0131racak form\u00fcl masada! Emlak vergisine d\u00fczenleme gelecek mi?\"><br \/>AK Parti Grup Ba\u015fkan\u0131 Abdullah G\u00fcler, TBMM&#8217;ye sunulan yeni ekonomi paketine ili\u015fkin a\u00e7\u0131klamalarda bulundu. G\u00fcler, emekli ayl\u0131klar\u0131nda daha y\u00fcksek maa\u015f al\u0131nmas\u0131 i\u00e7in prime esas \u00fcst kazan\u00e7 s\u0131n\u0131r\u0131n\u0131n 9 kat\u0131na&#8230;<a href=\"https:\/\/www.ahaber.com.tr\/ekonomi\/2025\/10\/17\/ak-partiden-yeni-ekonomi-paketi-aciklamasi-emekli-ayliklarini-artiracak-formul-masada-emlak-vergisine-duzenleme-gelecek-mi\">Devam\u0131 i\u00e7in t\u0131klay\u0131n\u0131z<\/a><\/p>\n","protected":false},"excerpt":{"rendered":"<p>AK Parti Grup Ba\u015fkan\u0131 Abdullah G\u00fcler, TBMM&#8217;ye sunulan yeni ekonomi paketine ili\u015fkin a\u00e7\u0131klamalarda bulundu. G\u00fcler, emekli ayl\u0131klar\u0131nda daha y\u00fcksek maa\u015f al\u0131nmas\u0131 i\u00e7in prime esas \u00fcst kazan\u00e7 s\u0131n\u0131r\u0131n\u0131n 9 kat\u0131na&#8230;Devam\u0131 i\u00e7in t\u0131klay\u0131n\u0131z<\/p>\n","protected":false},"author":1,"featured_media":0,"comment_status":"open","ping_status":"open","sticky":false,"template":"","format":"standard","meta":{"_joinchat":[],"footnotes":""},"categories":[32],"tags":[],"class_list":{"0":"post-2110","1":"post","2":"type-post","3":"status-publish","4":"format-standard","6":"category-ekonomi"},"_links":{"self":[{"href":"https:\/\/www.karamantoki.com\/index.php\/wp-json\/wp\/v2\/posts\/2110","targetHints":{"allow":["GET"]}}],"collection":[{"href":"https:\/\/www.karamantoki.com\/index.php\/wp-json\/wp\/v2\/posts"}],"about":[{"href":"https:\/\/www.karamantoki.com\/index.php\/wp-json\/wp\/v2\/types\/post"}],"author":[{"embeddable":true,"href":"https:\/\/www.karamantoki.com\/index.php\/wp-json\/wp\/v2\/users\/1"}],"replies":[{"embeddable":true,"href":"https:\/\/www.karamantoki.com\/index.php\/wp-json\/wp\/v2\/comments?post=2110"}],"version-history":[{"count":0,"href":"https:\/\/www.karamantoki.com\/index.php\/wp-json\/wp\/v2\/posts\/2110\/revisions"}],"wp:attachment":[{"href":"https:\/\/www.karamantoki.com\/index.php\/wp-json\/wp\/v2\/media?parent=2110"}],"wp:term":[{"taxonomy":"category","embeddable":true,"href":"https:\/\/www.karamantoki.com\/index.php\/wp-json\/wp\/v2\/categories?post=2110"},{"taxonomy":"post_tag","embeddable":true,"href":"https:\/\/www.karamantoki.com\/index.php\/wp-json\/wp\/v2\/tags?post=2110"}],"curies":[{"name":"wp","href":"https:\/\/api.w.org\/{rel}","templated":true}]}}