{"id":2107,"date":"2025-10-17T09:04:48","date_gmt":"2025-10-17T09:04:48","guid":{"rendered":"https:\/\/www.karamantoki.com\/index.php\/2025\/10\/17\/musilaj-olusumu-gorulen-illerdeki-balikcilara-ilave-odeme-yapilacak-resmi-gazetede-yayimlandi\/"},"modified":"2025-10-17T09:04:48","modified_gmt":"2025-10-17T09:04:48","slug":"musilaj-olusumu-gorulen-illerdeki-balikcilara-ilave-odeme-yapilacak-resmi-gazetede-yayimlandi","status":"publish","type":"post","link":"https:\/\/www.karamantoki.com\/index.php\/2025\/10\/17\/musilaj-olusumu-gorulen-illerdeki-balikcilara-ilave-odeme-yapilacak-resmi-gazetede-yayimlandi\/","title":{"rendered":"M\u00fcsilaj olu\u015fumu g\u00f6r\u00fclen illerdeki bal\u0131k\u00e7\u0131lara ilave \u00f6deme yap\u0131lacak! Resmi Gazete&#8217;de yay\u0131mland\u0131"},"content":{"rendered":"<p><img decoding=\"async\" src=\"https:\/\/iaahbr.tmgrup.com.tr\/c21137\/1200\/675\/0\/0\/1280\/720?u=https:\/\/iahbr.tmgrup.com.tr\/2025\/10\/17\/musilaj-olusumu-gorulen-illerdeki-balikcilara-ilave-odeme-yapilacak-resmi-gazetede-yayimlandi-1760689444378.jpeg\" alt=\"M\u00fcsilaj olu\u015fumu g\u00f6r\u00fclen illerdeki bal\u0131k\u00e7\u0131lara ilave \u00f6deme yap\u0131lacak! Resmi Gazete'de yay\u0131mland\u0131\"><br \/>K\u00fc\u00e7\u00fck \u00f6l\u00e7ekli bal\u0131k\u00e7\u0131l\u0131\u011f\u0131n desteklenmesi kapsam\u0131nda m\u00fcsilaj olu\u015fumu g\u00f6r\u00fclen ve Marmara Denizi&#8217;ne k\u0131y\u0131s\u0131 olan baz\u0131 illerde bal\u0131k\u00e7\u0131lara ilave \u00f6demede bulunulacak. Karar Resmi Gazete&#8217;de yay\u0131mland\u0131.<a href=\"https:\/\/www.ahaber.com.tr\/ekonomi\/2025\/10\/17\/musilaj-olusumu-gorulen-illerdeki-balikcilara-ilave-odeme-yapilacak-resmi-gazetede-yayimlandi\">Devam\u0131 i\u00e7in t\u0131klay\u0131n\u0131z<\/a><\/p>\n","protected":false},"excerpt":{"rendered":"<p>K\u00fc\u00e7\u00fck \u00f6l\u00e7ekli bal\u0131k\u00e7\u0131l\u0131\u011f\u0131n desteklenmesi kapsam\u0131nda m\u00fcsilaj olu\u015fumu g\u00f6r\u00fclen ve Marmara Denizi&#8217;ne k\u0131y\u0131s\u0131 olan baz\u0131 illerde bal\u0131k\u00e7\u0131lara ilave \u00f6demede bulunulacak. Karar Resmi Gazete&#8217;de yay\u0131mland\u0131.Devam\u0131 i\u00e7in t\u0131klay\u0131n\u0131z<\/p>\n","protected":false},"author":1,"featured_media":0,"comment_status":"open","ping_status":"open","sticky":false,"template":"","format":"standard","meta":{"_joinchat":[],"footnotes":""},"categories":[32],"tags":[],"class_list":{"0":"post-2107","1":"post","2":"type-post","3":"status-publish","4":"format-standard","6":"category-ekonomi"},"_links":{"self":[{"href":"https:\/\/www.karamantoki.com\/index.php\/wp-json\/wp\/v2\/posts\/2107","targetHints":{"allow":["GET"]}}],"collection":[{"href":"https:\/\/www.karamantoki.com\/index.php\/wp-json\/wp\/v2\/posts"}],"about":[{"href":"https:\/\/www.karamantoki.com\/index.php\/wp-json\/wp\/v2\/types\/post"}],"author":[{"embeddable":true,"href":"https:\/\/www.karamantoki.com\/index.php\/wp-json\/wp\/v2\/users\/1"}],"replies":[{"embeddable":true,"href":"https:\/\/www.karamantoki.com\/index.php\/wp-json\/wp\/v2\/comments?post=2107"}],"version-history":[{"count":0,"href":"https:\/\/www.karamantoki.com\/index.php\/wp-json\/wp\/v2\/posts\/2107\/revisions"}],"wp:attachment":[{"href":"https:\/\/www.karamantoki.com\/index.php\/wp-json\/wp\/v2\/media?parent=2107"}],"wp:term":[{"taxonomy":"category","embeddable":true,"href":"https:\/\/www.karamantoki.com\/index.php\/wp-json\/wp\/v2\/categories?post=2107"},{"taxonomy":"post_tag","embeddable":true,"href":"https:\/\/www.karamantoki.com\/index.php\/wp-json\/wp\/v2\/tags?post=2107"}],"curies":[{"name":"wp","href":"https:\/\/api.w.org\/{rel}","templated":true}]}}