{"id":1938,"date":"2025-09-30T08:03:17","date_gmt":"2025-09-30T08:03:17","guid":{"rendered":"https:\/\/www.karamantoki.com\/index.php\/2025\/09\/30\/2026-asgari-ucreti-ne-zaman-aciklanacak-toplanti-tarihi-belli-oldu-mu-asgari-ucret-gorusmeleri-hangi-tarihte-baslayacak\/"},"modified":"2025-09-30T08:03:17","modified_gmt":"2025-09-30T08:03:17","slug":"2026-asgari-ucreti-ne-zaman-aciklanacak-toplanti-tarihi-belli-oldu-mu-asgari-ucret-gorusmeleri-hangi-tarihte-baslayacak","status":"publish","type":"post","link":"https:\/\/www.karamantoki.com\/index.php\/2025\/09\/30\/2026-asgari-ucreti-ne-zaman-aciklanacak-toplanti-tarihi-belli-oldu-mu-asgari-ucret-gorusmeleri-hangi-tarihte-baslayacak\/","title":{"rendered":"2026 asgari \u00fccreti ne zaman a\u00e7\u0131klanacak, toplant\u0131 tarihi belli oldu mu? Asgari \u00fccret g\u00f6r\u00fc\u015fmeleri hangi tarihte ba\u015flayacak?"},"content":{"rendered":"<p><img decoding=\"async\" src=\"https:\/\/iaahbr.tmgrup.com.tr\/9bc95e\/1200\/675\/0\/75\/724\/483?u=https:\/\/iahbr.tmgrup.com.tr\/2025\/09\/30\/2026-asgari-ucreti-ne-zaman-aciklanacak-toplanti-tarihi-belli-oldu-mu-asgari-ucret-gorusmeleri-hangi-tarihte-b-1759217441055.jpg\" alt=\"2026 asgari \u00fccreti ne zaman a\u00e7\u0131klanacak, toplant\u0131 tarihi belli oldu mu? Asgari \u00fccret g\u00f6r\u00fc\u015fmeleri hangi tarihte ba\u015flayacak?\"><br \/>2025 y\u0131l\u0131 sonunun yakla\u015fmas\u0131yla birlikte yeni asgari \u00fccretin ne zaman a\u00e7\u0131klanaca\u011f\u0131 merak konusu olmaya ba\u015flad\u0131. Milyonlarca i\u015fverenin ve \u00e7al\u0131\u015fan\u0131n g\u00f6z\u00fc kula\u011f\u0131 asgari \u00fccret g\u00f6r\u00fc\u015fmelerinin ba\u015flayaca\u011f\u0131 tarihe&#8230;<a href=\"https:\/\/www.ahaber.com.tr\/viral\/galeri\/liste\/2026-asgari-ucreti-ne-zaman-aciklanacak-toplanti-tarihi-belli-oldu-mu-asgari-ucret-gorusmeleri-hangi-tarihte-baslayacak\">Devam\u0131 i\u00e7in t\u0131klay\u0131n\u0131z<\/a><\/p>\n","protected":false},"excerpt":{"rendered":"<p>2025 y\u0131l\u0131 sonunun yakla\u015fmas\u0131yla birlikte yeni asgari \u00fccretin ne zaman a\u00e7\u0131klanaca\u011f\u0131 merak konusu olmaya ba\u015flad\u0131. Milyonlarca i\u015fverenin ve \u00e7al\u0131\u015fan\u0131n g\u00f6z\u00fc kula\u011f\u0131 asgari \u00fccret g\u00f6r\u00fc\u015fmelerinin ba\u015flayaca\u011f\u0131 tarihe&#8230;Devam\u0131 i\u00e7in t\u0131klay\u0131n\u0131z<\/p>\n","protected":false},"author":1,"featured_media":0,"comment_status":"open","ping_status":"open","sticky":false,"template":"","format":"standard","meta":{"_joinchat":[],"footnotes":""},"categories":[32],"tags":[],"class_list":{"0":"post-1938","1":"post","2":"type-post","3":"status-publish","4":"format-standard","6":"category-ekonomi"},"_links":{"self":[{"href":"https:\/\/www.karamantoki.com\/index.php\/wp-json\/wp\/v2\/posts\/1938","targetHints":{"allow":["GET"]}}],"collection":[{"href":"https:\/\/www.karamantoki.com\/index.php\/wp-json\/wp\/v2\/posts"}],"about":[{"href":"https:\/\/www.karamantoki.com\/index.php\/wp-json\/wp\/v2\/types\/post"}],"author":[{"embeddable":true,"href":"https:\/\/www.karamantoki.com\/index.php\/wp-json\/wp\/v2\/users\/1"}],"replies":[{"embeddable":true,"href":"https:\/\/www.karamantoki.com\/index.php\/wp-json\/wp\/v2\/comments?post=1938"}],"version-history":[{"count":0,"href":"https:\/\/www.karamantoki.com\/index.php\/wp-json\/wp\/v2\/posts\/1938\/revisions"}],"wp:attachment":[{"href":"https:\/\/www.karamantoki.com\/index.php\/wp-json\/wp\/v2\/media?parent=1938"}],"wp:term":[{"taxonomy":"category","embeddable":true,"href":"https:\/\/www.karamantoki.com\/index.php\/wp-json\/wp\/v2\/categories?post=1938"},{"taxonomy":"post_tag","embeddable":true,"href":"https:\/\/www.karamantoki.com\/index.php\/wp-json\/wp\/v2\/tags?post=1938"}],"curies":[{"name":"wp","href":"https:\/\/api.w.org\/{rel}","templated":true}]}}