{"id":1934,"date":"2025-09-29T18:04:58","date_gmt":"2025-09-29T18:04:58","guid":{"rendered":"https:\/\/www.karamantoki.com\/index.php\/2025\/09\/29\/baskan-erdogandan-yuzyilin-konut-projesi-mujdesi-81-ilde-kiralik-konut-uygulamasi-basliyor\/"},"modified":"2025-09-29T18:04:58","modified_gmt":"2025-09-29T18:04:58","slug":"baskan-erdogandan-yuzyilin-konut-projesi-mujdesi-81-ilde-kiralik-konut-uygulamasi-basliyor","status":"publish","type":"post","link":"https:\/\/www.karamantoki.com\/index.php\/2025\/09\/29\/baskan-erdogandan-yuzyilin-konut-projesi-mujdesi-81-ilde-kiralik-konut-uygulamasi-basliyor\/","title":{"rendered":"Ba\u015fkan Erdo\u011fan\u2019dan \u201cY\u00fczy\u0131l\u0131n konut projesi\u201d m\u00fcjdesi! 81 ilde kiral\u0131k konut uygulamas\u0131 ba\u015fl\u0131yor"},"content":{"rendered":"<p><img decoding=\"async\" src=\"https:\/\/iaahbr.tmgrup.com.tr\/617544\/1200\/675\/0\/0\/551\/310?u=https:\/\/iahbr.tmgrup.com.tr\/2025\/09\/29\/baskan-erdogandan-yuzyilin-konut-projesi-mujdesi-81-ilde-kiralik-konut-uygulamasi-basliyor-1759166973388.jpg\" alt=\"Ba\u015fkan Erdo\u011fan\u2019dan \u201cY\u00fczy\u0131l\u0131n konut projesi\u201d m\u00fcjdesi! 81 ilde kiral\u0131k konut uygulamas\u0131 ba\u015fl\u0131yor\"><br \/>Ba\u015fkan Recep Tayyip Erdo\u011fan, milyonlarca vatanda\u015f\u0131 yak\u0131ndan ilgilendiren m\u00fcjdeyi verdi.  \u2018Y\u00fczy\u0131l\u0131n Konut Projesi\u2019 kapsam\u0131nda 81 ilde 500 bin sosyal konut yap\u0131laca\u011f\u0131n\u0131 duyuran Ba\u015fkan Erdo\u011fan, \u201c\u00c7evre Bakanl\u0131\u011f\u0131m\u0131z&#8230;<a href=\"https:\/\/www.ahaber.com.tr\/ekonomi\/2025\/09\/29\/baskan-erdogandan-yuzyilin-konut-projesi-mujdesi-81-ilde-kiralik-konut-uygulamasi-basliyor\">Devam\u0131 i\u00e7in t\u0131klay\u0131n\u0131z<\/a><\/p>\n","protected":false},"excerpt":{"rendered":"<p>Ba\u015fkan Recep Tayyip Erdo\u011fan, milyonlarca vatanda\u015f\u0131 yak\u0131ndan ilgilendiren m\u00fcjdeyi verdi. \u2018Y\u00fczy\u0131l\u0131n Konut Projesi\u2019 kapsam\u0131nda 81 ilde 500 bin sosyal konut yap\u0131laca\u011f\u0131n\u0131 duyuran Ba\u015fkan Erdo\u011fan, \u201c\u00c7evre Bakanl\u0131\u011f\u0131m\u0131z&#8230;Devam\u0131 i\u00e7in t\u0131klay\u0131n\u0131z<\/p>\n","protected":false},"author":1,"featured_media":0,"comment_status":"open","ping_status":"open","sticky":false,"template":"","format":"standard","meta":{"_joinchat":[],"footnotes":""},"categories":[32],"tags":[],"class_list":{"0":"post-1934","1":"post","2":"type-post","3":"status-publish","4":"format-standard","6":"category-ekonomi"},"_links":{"self":[{"href":"https:\/\/www.karamantoki.com\/index.php\/wp-json\/wp\/v2\/posts\/1934","targetHints":{"allow":["GET"]}}],"collection":[{"href":"https:\/\/www.karamantoki.com\/index.php\/wp-json\/wp\/v2\/posts"}],"about":[{"href":"https:\/\/www.karamantoki.com\/index.php\/wp-json\/wp\/v2\/types\/post"}],"author":[{"embeddable":true,"href":"https:\/\/www.karamantoki.com\/index.php\/wp-json\/wp\/v2\/users\/1"}],"replies":[{"embeddable":true,"href":"https:\/\/www.karamantoki.com\/index.php\/wp-json\/wp\/v2\/comments?post=1934"}],"version-history":[{"count":0,"href":"https:\/\/www.karamantoki.com\/index.php\/wp-json\/wp\/v2\/posts\/1934\/revisions"}],"wp:attachment":[{"href":"https:\/\/www.karamantoki.com\/index.php\/wp-json\/wp\/v2\/media?parent=1934"}],"wp:term":[{"taxonomy":"category","embeddable":true,"href":"https:\/\/www.karamantoki.com\/index.php\/wp-json\/wp\/v2\/categories?post=1934"},{"taxonomy":"post_tag","embeddable":true,"href":"https:\/\/www.karamantoki.com\/index.php\/wp-json\/wp\/v2\/tags?post=1934"}],"curies":[{"name":"wp","href":"https:\/\/api.w.org\/{rel}","templated":true}]}}