{"id":1926,"date":"2025-09-28T21:03:26","date_gmt":"2025-09-28T21:03:26","guid":{"rendered":"https:\/\/www.karamantoki.com\/index.php\/2025\/09\/28\/afyonkarahisar-belediye-baskanligindan-ilan\/"},"modified":"2025-09-28T21:03:26","modified_gmt":"2025-09-28T21:03:26","slug":"afyonkarahisar-belediye-baskanligindan-ilan","status":"publish","type":"post","link":"https:\/\/www.karamantoki.com\/index.php\/2025\/09\/28\/afyonkarahisar-belediye-baskanligindan-ilan\/","title":{"rendered":"AFYONKARAH\u0130SAR BELED\u0130YE BA\u015eKANLI\u011eINDAN \u0130LAN"},"content":{"rendered":"<p><img decoding=\"async\" src=\"https:\/\/iaahbr.tmgrup.com.tr\/619e69\/1200\/675\/8\/0\/720\/400?u=https:\/\/iahbr.tmgrup.com.tr\/2025\/09\/28\/afyonkarahisar-belediye-baskanligindan-ilan-1759059257800.jpeg\" alt=\"AFYONKARAH\u0130SAR BELED\u0130YE BA\u015eKANLI\u011eINDAN \u0130LAN\"><br \/>AFYONKARAH\u0130SAR BELED\u0130YE BA\u015eKANLI\u011eINDAN \u0130LAN<\/p>\n<p>Madde 1- M\u00fclkiyeti Belediyemize ait \u0130limiz Merkez Kanl\u0131ca ve Sel\u00e7uklu Mahallelerinde bulunan toplam 3 (\u00fc\u00e7) adet arsa vas\u0131fl\u0131 ta\u015f\u0131nmaz\u0131m\u0131z 2886 say\u0131l\u0131&#8230;<a href=\"https:\/\/www.ahaber.com.tr\/resmi-ilan\/2025\/09\/29\/afyonkarahisar-belediye-baskanligindan-ilan\">Devam\u0131 i\u00e7in t\u0131klay\u0131n\u0131z<\/a><\/p>\n","protected":false},"excerpt":{"rendered":"<p>AFYONKARAH\u0130SAR BELED\u0130YE BA\u015eKANLI\u011eINDAN \u0130LAN Madde 1- M\u00fclkiyeti Belediyemize ait \u0130limiz Merkez Kanl\u0131ca ve Sel\u00e7uklu Mahallelerinde bulunan toplam 3 (\u00fc\u00e7) adet arsa vas\u0131fl\u0131 ta\u015f\u0131nmaz\u0131m\u0131z 2886 say\u0131l\u0131&#8230;Devam\u0131 i\u00e7in t\u0131klay\u0131n\u0131z<\/p>\n","protected":false},"author":1,"featured_media":0,"comment_status":"open","ping_status":"open","sticky":false,"template":"","format":"standard","meta":{"_joinchat":[],"footnotes":""},"categories":[32],"tags":[],"class_list":{"0":"post-1926","1":"post","2":"type-post","3":"status-publish","4":"format-standard","6":"category-ekonomi"},"_links":{"self":[{"href":"https:\/\/www.karamantoki.com\/index.php\/wp-json\/wp\/v2\/posts\/1926","targetHints":{"allow":["GET"]}}],"collection":[{"href":"https:\/\/www.karamantoki.com\/index.php\/wp-json\/wp\/v2\/posts"}],"about":[{"href":"https:\/\/www.karamantoki.com\/index.php\/wp-json\/wp\/v2\/types\/post"}],"author":[{"embeddable":true,"href":"https:\/\/www.karamantoki.com\/index.php\/wp-json\/wp\/v2\/users\/1"}],"replies":[{"embeddable":true,"href":"https:\/\/www.karamantoki.com\/index.php\/wp-json\/wp\/v2\/comments?post=1926"}],"version-history":[{"count":0,"href":"https:\/\/www.karamantoki.com\/index.php\/wp-json\/wp\/v2\/posts\/1926\/revisions"}],"wp:attachment":[{"href":"https:\/\/www.karamantoki.com\/index.php\/wp-json\/wp\/v2\/media?parent=1926"}],"wp:term":[{"taxonomy":"category","embeddable":true,"href":"https:\/\/www.karamantoki.com\/index.php\/wp-json\/wp\/v2\/categories?post=1926"},{"taxonomy":"post_tag","embeddable":true,"href":"https:\/\/www.karamantoki.com\/index.php\/wp-json\/wp\/v2\/tags?post=1926"}],"curies":[{"name":"wp","href":"https:\/\/api.w.org\/{rel}","templated":true}]}}