{"id":1921,"date":"2025-09-27T10:04:53","date_gmt":"2025-09-27T10:04:53","guid":{"rendered":"https:\/\/www.karamantoki.com\/index.php\/2025\/09\/27\/kuresel-cevre-hareketi-sifir-atik-8-yasinda\/"},"modified":"2025-09-27T10:04:53","modified_gmt":"2025-09-27T10:04:53","slug":"kuresel-cevre-hareketi-sifir-atik-8-yasinda","status":"publish","type":"post","link":"https:\/\/www.karamantoki.com\/index.php\/2025\/09\/27\/kuresel-cevre-hareketi-sifir-atik-8-yasinda\/","title":{"rendered":"K\u00fcresel \u00e7evre hareketi &#8220;S\u0131f\u0131r At\u0131k&#8221; 8 ya\u015f\u0131nda"},"content":{"rendered":"<p><img decoding=\"async\" src=\"https:\/\/iaahbr.tmgrup.com.tr\/e0e70c\/1200\/675\/0\/67\/800\/517?u=https:\/\/iahbr.tmgrup.com.tr\/2025\/09\/27\/kuresel-cevre-hareketi-sifir-atik-8-yasinda-1758966700551.jpeg\" alt=\"K\u00fcresel \u00e7evre hareketi S\u0131f\u0131r At\u0131k 8 ya\u015f\u0131nda\"><br \/>Ba\u015fkan Recep Tayyip Erdo\u011fan&#8217;\u0131n e\u015fi Emine Erdo\u011fan&#8217;\u0131n himayelerinde &#8220;D\u00fcnya ortak evimiz&#8221; slogan\u0131yla ba\u015flat\u0131lan ve k\u00fcreselle\u015fen S\u0131f\u0131r At\u0131k Hareketi &#8220;8. Y\u0131l\u0131nda 8 Milyar \u0130nsan \u0130\u00e7in&#8221; slogan\u0131yla devam ediyor&#8230;<a href=\"https:\/\/www.ahaber.com.tr\/ekonomi\/2025\/09\/27\/kuresel-cevre-hareketi-sifir-atik-8-yasinda\">Devam\u0131 i\u00e7in t\u0131klay\u0131n\u0131z<\/a><\/p>\n","protected":false},"excerpt":{"rendered":"<p>Ba\u015fkan Recep Tayyip Erdo\u011fan&#8217;\u0131n e\u015fi Emine Erdo\u011fan&#8217;\u0131n himayelerinde &#8220;D\u00fcnya ortak evimiz&#8221; slogan\u0131yla ba\u015flat\u0131lan ve k\u00fcreselle\u015fen S\u0131f\u0131r At\u0131k Hareketi &#8220;8. Y\u0131l\u0131nda 8 Milyar \u0130nsan \u0130\u00e7in&#8221; slogan\u0131yla devam ediyor&#8230;Devam\u0131 i\u00e7in t\u0131klay\u0131n\u0131z<\/p>\n","protected":false},"author":1,"featured_media":0,"comment_status":"open","ping_status":"open","sticky":false,"template":"","format":"standard","meta":{"_joinchat":[],"footnotes":""},"categories":[32],"tags":[],"class_list":{"0":"post-1921","1":"post","2":"type-post","3":"status-publish","4":"format-standard","6":"category-ekonomi"},"_links":{"self":[{"href":"https:\/\/www.karamantoki.com\/index.php\/wp-json\/wp\/v2\/posts\/1921","targetHints":{"allow":["GET"]}}],"collection":[{"href":"https:\/\/www.karamantoki.com\/index.php\/wp-json\/wp\/v2\/posts"}],"about":[{"href":"https:\/\/www.karamantoki.com\/index.php\/wp-json\/wp\/v2\/types\/post"}],"author":[{"embeddable":true,"href":"https:\/\/www.karamantoki.com\/index.php\/wp-json\/wp\/v2\/users\/1"}],"replies":[{"embeddable":true,"href":"https:\/\/www.karamantoki.com\/index.php\/wp-json\/wp\/v2\/comments?post=1921"}],"version-history":[{"count":0,"href":"https:\/\/www.karamantoki.com\/index.php\/wp-json\/wp\/v2\/posts\/1921\/revisions"}],"wp:attachment":[{"href":"https:\/\/www.karamantoki.com\/index.php\/wp-json\/wp\/v2\/media?parent=1921"}],"wp:term":[{"taxonomy":"category","embeddable":true,"href":"https:\/\/www.karamantoki.com\/index.php\/wp-json\/wp\/v2\/categories?post=1921"},{"taxonomy":"post_tag","embeddable":true,"href":"https:\/\/www.karamantoki.com\/index.php\/wp-json\/wp\/v2\/tags?post=1921"}],"curies":[{"name":"wp","href":"https:\/\/api.w.org\/{rel}","templated":true}]}}