{"id":1919,"date":"2025-09-27T09:03:32","date_gmt":"2025-09-27T09:03:32","guid":{"rendered":"https:\/\/www.karamantoki.com\/index.php\/2025\/09\/27\/emine-erdogandan-sifir-atik-projesinin-yil-donumune-iliskin-paylasim\/"},"modified":"2025-09-27T09:03:32","modified_gmt":"2025-09-27T09:03:32","slug":"emine-erdogandan-sifir-atik-projesinin-yil-donumune-iliskin-paylasim","status":"publish","type":"post","link":"https:\/\/www.karamantoki.com\/index.php\/2025\/09\/27\/emine-erdogandan-sifir-atik-projesinin-yil-donumune-iliskin-paylasim\/","title":{"rendered":"Emine Erdo\u011fan&#8217;dan &#8220;S\u0131f\u0131r At\u0131k&#8221; projesinin y\u0131l d\u00f6n\u00fcm\u00fcne ili\u015fkin payla\u015f\u0131m"},"content":{"rendered":"<p><img decoding=\"async\" src=\"https:\/\/iaahbr.tmgrup.com.tr\/fdc030\/1200\/675\/0\/0\/1280\/720?u=https:\/\/iahbr.tmgrup.com.tr\/2025\/09\/27\/emine-erdogandan-sifir-atik-projesinin-yil-donumune-iliskin-paylasim-1758962249889.jpeg\" alt=\"Emine Erdo\u011fan'dan S\u0131f\u0131r At\u0131k projesinin y\u0131l d\u00f6n\u00fcm\u00fcne ili\u015fkin payla\u015f\u0131m\"><br \/>Ba\u015fkan Recep Tayyip Erdo\u011fan&#8217;\u0131n e\u015fi Emine Erdo\u011fan, &#8220;S\u0131f\u0131r At\u0131k&#8221; projesinin ba\u015flamas\u0131n\u0131n 8&#8217;inci y\u0131l d\u00f6n\u00fcm\u00fcne ili\u015fkin, &#8220;30 Mart Uluslararas\u0131 S\u0131f\u0131r At\u0131k G\u00fcn\u00fc&#8217;n\u00fcn ilan\u0131, BM \u00e7at\u0131s\u0131 alt\u0131nda Ba\u015fkanl\u0131\u011f\u0131n\u0131 y\u00fcr\u00fctt\u00fc\u011f\u00fcm&#8230;<a href=\"https:\/\/www.ahaber.com.tr\/ekonomi\/2025\/09\/27\/emine-erdogandan-sifir-atik-projesinin-yil-donumune-iliskin-paylasim\">Devam\u0131 i\u00e7in t\u0131klay\u0131n\u0131z<\/a><\/p>\n","protected":false},"excerpt":{"rendered":"<p>Ba\u015fkan Recep Tayyip Erdo\u011fan&#8217;\u0131n e\u015fi Emine Erdo\u011fan, &#8220;S\u0131f\u0131r At\u0131k&#8221; projesinin ba\u015flamas\u0131n\u0131n 8&#8217;inci y\u0131l d\u00f6n\u00fcm\u00fcne ili\u015fkin, &#8220;30 Mart Uluslararas\u0131 S\u0131f\u0131r At\u0131k G\u00fcn\u00fc&#8217;n\u00fcn ilan\u0131, BM \u00e7at\u0131s\u0131 alt\u0131nda Ba\u015fkanl\u0131\u011f\u0131n\u0131 y\u00fcr\u00fctt\u00fc\u011f\u00fcm&#8230;Devam\u0131 i\u00e7in t\u0131klay\u0131n\u0131z<\/p>\n","protected":false},"author":1,"featured_media":0,"comment_status":"open","ping_status":"open","sticky":false,"template":"","format":"standard","meta":{"_joinchat":[],"footnotes":""},"categories":[32],"tags":[],"class_list":{"0":"post-1919","1":"post","2":"type-post","3":"status-publish","4":"format-standard","6":"category-ekonomi"},"_links":{"self":[{"href":"https:\/\/www.karamantoki.com\/index.php\/wp-json\/wp\/v2\/posts\/1919","targetHints":{"allow":["GET"]}}],"collection":[{"href":"https:\/\/www.karamantoki.com\/index.php\/wp-json\/wp\/v2\/posts"}],"about":[{"href":"https:\/\/www.karamantoki.com\/index.php\/wp-json\/wp\/v2\/types\/post"}],"author":[{"embeddable":true,"href":"https:\/\/www.karamantoki.com\/index.php\/wp-json\/wp\/v2\/users\/1"}],"replies":[{"embeddable":true,"href":"https:\/\/www.karamantoki.com\/index.php\/wp-json\/wp\/v2\/comments?post=1919"}],"version-history":[{"count":0,"href":"https:\/\/www.karamantoki.com\/index.php\/wp-json\/wp\/v2\/posts\/1919\/revisions"}],"wp:attachment":[{"href":"https:\/\/www.karamantoki.com\/index.php\/wp-json\/wp\/v2\/media?parent=1919"}],"wp:term":[{"taxonomy":"category","embeddable":true,"href":"https:\/\/www.karamantoki.com\/index.php\/wp-json\/wp\/v2\/categories?post=1919"},{"taxonomy":"post_tag","embeddable":true,"href":"https:\/\/www.karamantoki.com\/index.php\/wp-json\/wp\/v2\/tags?post=1919"}],"curies":[{"name":"wp","href":"https:\/\/api.w.org\/{rel}","templated":true}]}}