{"id":1905,"date":"2025-09-26T10:02:57","date_gmt":"2025-09-26T10:02:57","guid":{"rendered":"https:\/\/www.karamantoki.com\/index.php\/2025\/09\/26\/altin-46-yilin-en-yuksek-seviyesini-gordu-altin-2026da-ne-olacak-alim-satim-icin-dogru-zaman-mi-islam-memis-a-haberde-uyardi\/"},"modified":"2025-09-26T10:02:57","modified_gmt":"2025-09-26T10:02:57","slug":"altin-46-yilin-en-yuksek-seviyesini-gordu-altin-2026da-ne-olacak-alim-satim-icin-dogru-zaman-mi-islam-memis-a-haberde-uyardi","status":"publish","type":"post","link":"https:\/\/www.karamantoki.com\/index.php\/2025\/09\/26\/altin-46-yilin-en-yuksek-seviyesini-gordu-altin-2026da-ne-olacak-alim-satim-icin-dogru-zaman-mi-islam-memis-a-haberde-uyardi\/","title":{"rendered":"Alt\u0131n 46 y\u0131l\u0131n en y\u00fcksek seviyesini g\u00f6rd\u00fc! Alt\u0131n 2026\u2019da ne olacak, al\u0131m sat\u0131m i\u00e7in do\u011fru zaman m\u0131? \u0130slam Memi\u015f A Haber&#8217;de uyard\u0131"},"content":{"rendered":"<p><img decoding=\"async\" src=\"https:\/\/iaahbr.tmgrup.com.tr\/9f4d36\/1200\/675\/0\/36\/1080\/644?u=https:\/\/iahbr.tmgrup.com.tr\/2025\/09\/26\/altin-46-yilin-en-yuksek-seviyesini-gordu-altin-2026da-ne-olacak-alim-satim-icin-dogru-zaman-mi-islam-memis-a-1758878445615.jpg\" alt=\"Alt\u0131n 46 y\u0131l\u0131n en y\u00fcksek seviyesini g\u00f6rd\u00fc! Alt\u0131n 2026\u2019da ne olacak, al\u0131m sat\u0131m i\u00e7in do\u011fru zaman m\u0131? \u0130slam Memi\u015f A Haber'de uyard\u0131\"><br \/>Alt\u0131n piyasas\u0131nda tarihi bir d\u00f6nem ya\u015fan\u0131yor! Alt\u0131nda y\u00fckseli\u015f h\u0131z kesmiyor. 46 y\u0131l sonra 1979&#8217;dan bu yana ilk kez yeni rekorlar k\u0131r\u0131ld\u0131. Gram alt\u0131n 5.000 TL&#8217;yi a\u015farken sahtecilik \u00fc\u00e7e katland\u0131. Peki 2026&#8230;<a href=\"https:\/\/www.ahaber.com.tr\/viral\/galeri\/liste\/altin-46-yilin-en-yuksek-seviyesini-gordu-altin-2026da-ne-olacak-alim-satim-icin-dogru-zaman-mi-islam-memis-a-haberde-uyardi\">Devam\u0131 i\u00e7in t\u0131klay\u0131n\u0131z<\/a><\/p>\n","protected":false},"excerpt":{"rendered":"<p>Alt\u0131n piyasas\u0131nda tarihi bir d\u00f6nem ya\u015fan\u0131yor! Alt\u0131nda y\u00fckseli\u015f h\u0131z kesmiyor. 46 y\u0131l sonra 1979&#8217;dan bu yana ilk kez yeni rekorlar k\u0131r\u0131ld\u0131. Gram alt\u0131n 5.000 TL&#8217;yi a\u015farken sahtecilik \u00fc\u00e7e katland\u0131. Peki 2026&#8230;Devam\u0131 i\u00e7in t\u0131klay\u0131n\u0131z<\/p>\n","protected":false},"author":1,"featured_media":0,"comment_status":"open","ping_status":"open","sticky":false,"template":"","format":"standard","meta":{"_joinchat":[],"footnotes":""},"categories":[32],"tags":[],"class_list":{"0":"post-1905","1":"post","2":"type-post","3":"status-publish","4":"format-standard","6":"category-ekonomi"},"_links":{"self":[{"href":"https:\/\/www.karamantoki.com\/index.php\/wp-json\/wp\/v2\/posts\/1905","targetHints":{"allow":["GET"]}}],"collection":[{"href":"https:\/\/www.karamantoki.com\/index.php\/wp-json\/wp\/v2\/posts"}],"about":[{"href":"https:\/\/www.karamantoki.com\/index.php\/wp-json\/wp\/v2\/types\/post"}],"author":[{"embeddable":true,"href":"https:\/\/www.karamantoki.com\/index.php\/wp-json\/wp\/v2\/users\/1"}],"replies":[{"embeddable":true,"href":"https:\/\/www.karamantoki.com\/index.php\/wp-json\/wp\/v2\/comments?post=1905"}],"version-history":[{"count":0,"href":"https:\/\/www.karamantoki.com\/index.php\/wp-json\/wp\/v2\/posts\/1905\/revisions"}],"wp:attachment":[{"href":"https:\/\/www.karamantoki.com\/index.php\/wp-json\/wp\/v2\/media?parent=1905"}],"wp:term":[{"taxonomy":"category","embeddable":true,"href":"https:\/\/www.karamantoki.com\/index.php\/wp-json\/wp\/v2\/categories?post=1905"},{"taxonomy":"post_tag","embeddable":true,"href":"https:\/\/www.karamantoki.com\/index.php\/wp-json\/wp\/v2\/tags?post=1905"}],"curies":[{"name":"wp","href":"https:\/\/api.w.org\/{rel}","templated":true}]}}