{"id":1901,"date":"2025-09-25T18:03:59","date_gmt":"2025-09-25T18:03:59","guid":{"rendered":"https:\/\/www.karamantoki.com\/index.php\/2025\/09\/25\/taksimdeki-otelden-uluslararasi-basari\/"},"modified":"2025-09-25T18:03:59","modified_gmt":"2025-09-25T18:03:59","slug":"taksimdeki-otelden-uluslararasi-basari","status":"publish","type":"post","link":"https:\/\/www.karamantoki.com\/index.php\/2025\/09\/25\/taksimdeki-otelden-uluslararasi-basari\/","title":{"rendered":"Taksim\u2019deki otelden uluslararas\u0131 ba\u015far\u0131"},"content":{"rendered":"<p><img decoding=\"async\" src=\"https:\/\/iaahbr.tmgrup.com.tr\/cfce43\/1200\/675\/0\/0\/901\/507?u=https:\/\/iahbr.tmgrup.com.tr\/2025\/09\/25\/taksimdeki-otelden-uluslararasi-basari-1758822709012.jpg\" alt=\"Taksim\u2019deki otelden uluslararas\u0131 ba\u015far\u0131\"><br \/>2025\u2019in yaz sezonu resmi olarak sonlan\u0131rken, turizm sekt\u00f6r\u00fcn\u00fcn ba\u015f akt\u00f6rleri otellerin de karnesi a\u00e7\u0131\u011fa \u00e7\u0131kmaya ba\u015flad\u0131. \u0130stanbul\u2019un kalbinde yer alan ve Frans\u0131z zarafetini T\u00fcrk misafirperverli\u011fiyle bulu\u015fturan&#8230;<a href=\"https:\/\/www.ahaber.com.tr\/ekonomi\/2025\/09\/25\/taksimdeki-otelden-uluslararasi-basari\">Devam\u0131 i\u00e7in t\u0131klay\u0131n\u0131z<\/a><\/p>\n","protected":false},"excerpt":{"rendered":"<p>2025\u2019in yaz sezonu resmi olarak sonlan\u0131rken, turizm sekt\u00f6r\u00fcn\u00fcn ba\u015f akt\u00f6rleri otellerin de karnesi a\u00e7\u0131\u011fa \u00e7\u0131kmaya ba\u015flad\u0131. \u0130stanbul\u2019un kalbinde yer alan ve Frans\u0131z zarafetini T\u00fcrk misafirperverli\u011fiyle bulu\u015fturan&#8230;Devam\u0131 i\u00e7in t\u0131klay\u0131n\u0131z<\/p>\n","protected":false},"author":1,"featured_media":0,"comment_status":"open","ping_status":"open","sticky":false,"template":"","format":"standard","meta":{"_joinchat":[],"footnotes":""},"categories":[32],"tags":[],"class_list":{"0":"post-1901","1":"post","2":"type-post","3":"status-publish","4":"format-standard","6":"category-ekonomi"},"_links":{"self":[{"href":"https:\/\/www.karamantoki.com\/index.php\/wp-json\/wp\/v2\/posts\/1901","targetHints":{"allow":["GET"]}}],"collection":[{"href":"https:\/\/www.karamantoki.com\/index.php\/wp-json\/wp\/v2\/posts"}],"about":[{"href":"https:\/\/www.karamantoki.com\/index.php\/wp-json\/wp\/v2\/types\/post"}],"author":[{"embeddable":true,"href":"https:\/\/www.karamantoki.com\/index.php\/wp-json\/wp\/v2\/users\/1"}],"replies":[{"embeddable":true,"href":"https:\/\/www.karamantoki.com\/index.php\/wp-json\/wp\/v2\/comments?post=1901"}],"version-history":[{"count":0,"href":"https:\/\/www.karamantoki.com\/index.php\/wp-json\/wp\/v2\/posts\/1901\/revisions"}],"wp:attachment":[{"href":"https:\/\/www.karamantoki.com\/index.php\/wp-json\/wp\/v2\/media?parent=1901"}],"wp:term":[{"taxonomy":"category","embeddable":true,"href":"https:\/\/www.karamantoki.com\/index.php\/wp-json\/wp\/v2\/categories?post=1901"},{"taxonomy":"post_tag","embeddable":true,"href":"https:\/\/www.karamantoki.com\/index.php\/wp-json\/wp\/v2\/tags?post=1901"}],"curies":[{"name":"wp","href":"https:\/\/api.w.org\/{rel}","templated":true}]}}