{"id":1896,"date":"2025-09-25T07:02:39","date_gmt":"2025-09-25T07:02:39","guid":{"rendered":"https:\/\/www.karamantoki.com\/index.php\/2025\/09\/25\/merkez-bankasi-baskani-fatih-karahandan-abdde-enflasyon-mesaji-sapma-olursa-para-politikasi-sikilasacak\/"},"modified":"2025-09-25T07:02:39","modified_gmt":"2025-09-25T07:02:39","slug":"merkez-bankasi-baskani-fatih-karahandan-abdde-enflasyon-mesaji-sapma-olursa-para-politikasi-sikilasacak","status":"publish","type":"post","link":"https:\/\/www.karamantoki.com\/index.php\/2025\/09\/25\/merkez-bankasi-baskani-fatih-karahandan-abdde-enflasyon-mesaji-sapma-olursa-para-politikasi-sikilasacak\/","title":{"rendered":"Merkez Bankas\u0131 Ba\u015fkan\u0131 Fatih Karahan&#8217;dan ABD&#8217;de enflasyon mesaj\u0131: Sapma olursa para politikas\u0131 s\u0131k\u0131la\u015facak"},"content":{"rendered":"<p><img decoding=\"async\" src=\"https:\/\/iaahbr.tmgrup.com.tr\/20e315\/1200\/675\/0\/24\/1500\/867?u=https:\/\/iahbr.tmgrup.com.tr\/2025\/09\/25\/merkez-bankasi-baskani-fatih-karahandan-abdde-enflasyon-mesaji-sapma-olursa-para-politikasi-sikilasacak-1758779697305.jpeg\" alt=\"Merkez Bankas\u0131 Ba\u015fkan\u0131 Fatih Karahan'dan ABD'de enflasyon mesaj\u0131: Sapma olursa para politikas\u0131 s\u0131k\u0131la\u015facak\"><br \/>Merkez Bankas\u0131 Ba\u015fkan\u0131 Fatih Karahan, ABD&#8217;de yat\u0131r\u0131mc\u0131larla yapt\u0131\u011f\u0131 g\u00f6r\u00fc\u015fmede enflasyon g\u00f6r\u00fcn\u00fcm\u00fcnde belirgin bir bi\u00e7imde ara hedeflerden ayr\u0131\u015fma olmas\u0131 durumunda para politikas\u0131n\u0131n daha da s\u0131k\u0131la\u015faca\u011f\u0131n\u0131&#8230;<a href=\"https:\/\/www.ahaber.com.tr\/ekonomi\/2025\/09\/25\/merkez-bankasi-baskani-fatih-karahandan-abdde-enflasyon-mesaji-sapma-olursa-para-politikasi-sikilasacak\">Devam\u0131 i\u00e7in t\u0131klay\u0131n\u0131z<\/a><\/p>\n","protected":false},"excerpt":{"rendered":"<p>Merkez Bankas\u0131 Ba\u015fkan\u0131 Fatih Karahan, ABD&#8217;de yat\u0131r\u0131mc\u0131larla yapt\u0131\u011f\u0131 g\u00f6r\u00fc\u015fmede enflasyon g\u00f6r\u00fcn\u00fcm\u00fcnde belirgin bir bi\u00e7imde ara hedeflerden ayr\u0131\u015fma olmas\u0131 durumunda para politikas\u0131n\u0131n daha da s\u0131k\u0131la\u015faca\u011f\u0131n\u0131&#8230;Devam\u0131 i\u00e7in t\u0131klay\u0131n\u0131z<\/p>\n","protected":false},"author":1,"featured_media":0,"comment_status":"open","ping_status":"open","sticky":false,"template":"","format":"standard","meta":{"_joinchat":[],"footnotes":""},"categories":[32],"tags":[],"class_list":{"0":"post-1896","1":"post","2":"type-post","3":"status-publish","4":"format-standard","6":"category-ekonomi"},"_links":{"self":[{"href":"https:\/\/www.karamantoki.com\/index.php\/wp-json\/wp\/v2\/posts\/1896","targetHints":{"allow":["GET"]}}],"collection":[{"href":"https:\/\/www.karamantoki.com\/index.php\/wp-json\/wp\/v2\/posts"}],"about":[{"href":"https:\/\/www.karamantoki.com\/index.php\/wp-json\/wp\/v2\/types\/post"}],"author":[{"embeddable":true,"href":"https:\/\/www.karamantoki.com\/index.php\/wp-json\/wp\/v2\/users\/1"}],"replies":[{"embeddable":true,"href":"https:\/\/www.karamantoki.com\/index.php\/wp-json\/wp\/v2\/comments?post=1896"}],"version-history":[{"count":0,"href":"https:\/\/www.karamantoki.com\/index.php\/wp-json\/wp\/v2\/posts\/1896\/revisions"}],"wp:attachment":[{"href":"https:\/\/www.karamantoki.com\/index.php\/wp-json\/wp\/v2\/media?parent=1896"}],"wp:term":[{"taxonomy":"category","embeddable":true,"href":"https:\/\/www.karamantoki.com\/index.php\/wp-json\/wp\/v2\/categories?post=1896"},{"taxonomy":"post_tag","embeddable":true,"href":"https:\/\/www.karamantoki.com\/index.php\/wp-json\/wp\/v2\/tags?post=1896"}],"curies":[{"name":"wp","href":"https:\/\/api.w.org\/{rel}","templated":true}]}}