{"id":1895,"date":"2025-09-25T07:02:38","date_gmt":"2025-09-25T07:02:38","guid":{"rendered":"https:\/\/www.karamantoki.com\/index.php\/2025\/09\/25\/2025-zirai-don-destegi-zirai-don-odemeleri-ne-zaman-yatacak-kimler-faydalanacak-odemeler-hangi-urunleri-kapsiyor\/"},"modified":"2025-09-25T07:02:38","modified_gmt":"2025-09-25T07:02:38","slug":"2025-zirai-don-destegi-zirai-don-odemeleri-ne-zaman-yatacak-kimler-faydalanacak-odemeler-hangi-urunleri-kapsiyor","status":"publish","type":"post","link":"https:\/\/www.karamantoki.com\/index.php\/2025\/09\/25\/2025-zirai-don-destegi-zirai-don-odemeleri-ne-zaman-yatacak-kimler-faydalanacak-odemeler-hangi-urunleri-kapsiyor\/","title":{"rendered":"2025 Z\u0130RA\u0130 DON DESTE\u011e\u0130: Zirai don \u00f6demeleri ne zaman yatacak, kimler faydalanacak? \u00d6demeler hangi \u00fcr\u00fcnleri kaps\u0131yor?"},"content":{"rendered":"<p><img decoding=\"async\" src=\"https:\/\/iaahbr.tmgrup.com.tr\/162a49\/1200\/675\/0\/49\/2048\/1202?u=https:\/\/iahbr.tmgrup.com.tr\/2025\/09\/25\/2025-zirai-don-destegi-zirai-don-odemeleri-ne-zaman-yatacak-kimler-faydalanacak-odemeler-hangi-urunleri-kapsiy-1758781493837.jpg\" alt=\"2025 Z\u0130RA\u0130 DON DESTE\u011e\u0130: Zirai don \u00f6demeleri ne zaman yatacak, kimler faydalanacak? \u00d6demeler hangi \u00fcr\u00fcnleri kaps\u0131yor?\"><br \/>\u00c7ift\u00e7iler i\u00e7in umut olan zirai don deste\u011fi \u00f6demeleri g\u00fcndemdeki yerini koruyor. Hangi \u00fcr\u00fcnlerin destekten faydalanaca\u011f\u0131 ve \u00f6demelerin hangi tarihte yap\u0131laca\u011f\u0131 merak ediliyor. Detaylar haberimizdeamp;hel&#8230;<a href=\"https:\/\/www.ahaber.com.tr\/viral\/galeri\/liste\/2025-zirai-don-destegi-zirai-don-odemeleri-ne-zaman-yatacak-kimler-faydalanacak-odemeler-hangi-urunleri-kapsiyor\">Devam\u0131 i\u00e7in t\u0131klay\u0131n\u0131z<\/a><\/p>\n","protected":false},"excerpt":{"rendered":"<p>\u00c7ift\u00e7iler i\u00e7in umut olan zirai don deste\u011fi \u00f6demeleri g\u00fcndemdeki yerini koruyor. Hangi \u00fcr\u00fcnlerin destekten faydalanaca\u011f\u0131 ve \u00f6demelerin hangi tarihte yap\u0131laca\u011f\u0131 merak ediliyor. Detaylar haberimizdeamp;hel&#8230;Devam\u0131 i\u00e7in t\u0131klay\u0131n\u0131z<\/p>\n","protected":false},"author":1,"featured_media":0,"comment_status":"open","ping_status":"open","sticky":false,"template":"","format":"standard","meta":{"_joinchat":[],"footnotes":""},"categories":[32],"tags":[],"class_list":{"0":"post-1895","1":"post","2":"type-post","3":"status-publish","4":"format-standard","6":"category-ekonomi"},"_links":{"self":[{"href":"https:\/\/www.karamantoki.com\/index.php\/wp-json\/wp\/v2\/posts\/1895","targetHints":{"allow":["GET"]}}],"collection":[{"href":"https:\/\/www.karamantoki.com\/index.php\/wp-json\/wp\/v2\/posts"}],"about":[{"href":"https:\/\/www.karamantoki.com\/index.php\/wp-json\/wp\/v2\/types\/post"}],"author":[{"embeddable":true,"href":"https:\/\/www.karamantoki.com\/index.php\/wp-json\/wp\/v2\/users\/1"}],"replies":[{"embeddable":true,"href":"https:\/\/www.karamantoki.com\/index.php\/wp-json\/wp\/v2\/comments?post=1895"}],"version-history":[{"count":0,"href":"https:\/\/www.karamantoki.com\/index.php\/wp-json\/wp\/v2\/posts\/1895\/revisions"}],"wp:attachment":[{"href":"https:\/\/www.karamantoki.com\/index.php\/wp-json\/wp\/v2\/media?parent=1895"}],"wp:term":[{"taxonomy":"category","embeddable":true,"href":"https:\/\/www.karamantoki.com\/index.php\/wp-json\/wp\/v2\/categories?post=1895"},{"taxonomy":"post_tag","embeddable":true,"href":"https:\/\/www.karamantoki.com\/index.php\/wp-json\/wp\/v2\/tags?post=1895"}],"curies":[{"name":"wp","href":"https:\/\/api.w.org\/{rel}","templated":true}]}}